{"id":1341,"date":"2018-11-13T17:48:56","date_gmt":"2018-11-13T16:48:56","guid":{"rendered":"http:\/\/www.sissg.it\/?p=1341"},"modified":"2018-11-14T17:43:50","modified_gmt":"2018-11-14T16:43:50","slug":"premio-ranieri-filo-della-torre-2018","status":"publish","type":"post","link":"https:\/\/www.sissg.it\/en\/2018\/11\/13\/premio-ranieri-filo-della-torre-2018\/","title":{"rendered":"Premio Ranieri Filo della Torre 2018"},"content":{"rendered":"<div id=\"dslc-theme-content\"><div id=\"dslc-theme-content-inner\"><div id=\"pl-1341\"  class=\"panel-layout\" ><div id=\"pg-1341-0\"  class=\"panel-grid panel-no-style\" ><div id=\"pgc-1341-0-0\"  class=\"panel-grid-cell\" ><div id=\"panel-1341-0-0-0\" class=\"so-panel widget widget_sow-editor panel-first-child\" data-index=\"0\" ><div\n\t\t\t\n\t\t\tclass=\"so-widget-sow-editor so-widget-sow-editor-base\"\n\t\t\t\n\t\t>\n<div class=\"siteorigin-widget-tinymce textwidget\">\n\t<p>Ritorna anche quest'anno il\u00a0Premio Ranieri Filo della Torre per tesi di laurea, laurea magistrale e di dottorato di ricerca.<\/p>\n<p>Per partecipare e il bando potrete trovare tutto sul sito dell'Accademia Nazionale dell'Olivo e dell'Olio.<\/p>\n<p><strong>Si precisa che per la parte scientifica la scadenza per la presentazione delle domande \u00e8 il 1\u00b0 dicembre<\/strong><\/p>\n<\/div>\n<\/div><\/div><div id=\"panel-1341-0-0-1\" class=\"so-panel widget widget_sow-button\" data-index=\"1\" ><div\n\t\t\t\n\t\t\tclass=\"so-widget-sow-button so-widget-sow-button-flat-ce2338f8c3a6-1341\"\n\t\t\t\n\t\t><div class=\"ow-button-base ow-button-align-center\"\n>\n\t\t\t<a\n\t\t\t\t\thref=\"http:\/\/www.accademiaolivoeolio.com\/interna.asp?idPag=99\"\n\t\t\t\t\tclass=\"sowb-button ow-icon-placement-left ow-button-hover\" \t>\n\t\t<span>\n\t\t\t\n\t\t\tBando\t\t<\/span>\n\t\t\t<\/a>\n\t<\/div>\n<\/div><\/div><div id=\"panel-1341-0-0-2\" class=\"so-panel widget widget_sow-editor\" data-index=\"2\" ><div\n\t\t\t\n\t\t\tclass=\"so-widget-sow-editor so-widget-sow-editor-base\"\n\t\t\t\n\t\t><h3 class=\"widget-title\">Il Premio<\/h3>\n<div class=\"siteorigin-widget-tinymce textwidget\">\n\t<p><strong>IL PREMIO \u00c8 ARTICOLATO IN TRE SEZIONI: LETTERARIA - STORIA E COMUNICAZIONE - SCIENTIFICA<\/strong><\/p>\n<p><strong>GIURIA DEL PREMIO<\/strong>\u00a0per le sezioni letteraria e storia e comunicazione:<br \/>\nPresidente di giuria: CORRADO CALABRO\u2019<br \/>\nIl comitato di Giuria \u00e8 formato da Elia Fiorillo, Loriana Abbruzzetti, Maria Cristina Valeri, Ilenia Gradante, Maria Rosa Patti, Antonio Ragone, Alessandra Felli, Gabriella Rossitto, Sergio De Angelis, Sergio Belfiore,Erberto Accinni, Stefano Colonna, Andrea Tomasini,<\/p>\n<p><strong>SEZIONE LETTERARIA<\/strong><br \/>\nCoordinamento a cura di Vera Ambra \u2013 scrittrice<\/p>\n<p><strong>SEZIONE STORIA E COMUNICAZIONE<\/strong><br \/>\nCoordinamento a cura di Maria Rosa Patti \u2013 Archeologa<\/p>\n<p>&nbsp;<\/p>\n<p><strong>Si precisa che per la parte scientifica la scadenza per la presentazione delle domande \u00e8 il 1\u00b0 dicembre<\/strong><\/p>\n<\/div>\n<\/div><\/div><div id=\"panel-1341-0-0-3\" class=\"so-panel widget widget_sow-editor panel-last-child\" data-index=\"3\" ><div\n\t\t\t\n\t\t\tclass=\"so-widget-sow-editor so-widget-sow-editor-base\"\n\t\t\t\n\t\t><h3 class=\"widget-title\">Un po' di storia <\/h3>\n<div class=\"siteorigin-widget-tinymce textwidget\">\n\t<p>Il \u201cpremio\u201d dedicato a Ranieri Filo della Torre \u00e8 certo un evento che vuole celebrare un personaggio significativo del mondo dell\u2019olivicoltura italiano, oltre che dell\u2019agricoltura, ma anche \u2013 e soprattutto \u2013 un\u2019occasione d\u2019unit\u00e0 vera del settore per fare cultura. Un obiettivo certamente ambizioso per ri-scoprire i valori propri \u2013 e spesso nascosti - del mondo olivicolo, con i suoi riti e le sue leggende, con le storie e i canti che parlano di eroi e di briganti, ma anche di solidariet\u00e0. Insomma, il \u201cpremio\u201d dedicato a Filo della Torre vuole essere un\u2019opportunit\u00e0: di riflessione, di poesia, di creativit\u00e0 al di l\u00e0 delle giornaliere faticose pratiche produttive, della collocazione del prodotto sui mercati, della sua valorizzazione.<\/p>\n<p>RANIERI FILO DELLA TORRE: Era nato da una famiglia nobile Ranieri Filo della Torre, ma la \u201cnobilt\u00e0\u201d inconfondibile che possedeva era quella racchiusa nella sua anima. Riusciva ad immedesimarsi negli altri, provando a capire i sentimenti, le passioni, le angustie dei suoi interlocutori, amici o semplici conoscenti che fossero. E tutto ci\u00f2 avveniva con semplicit\u00e0, con levit\u00e0, senza secondi fini. Ranieri con il suo atteggiamento non voleva ingraziarsi nessuno, era fatto cos\u00ec: disponibile sempre.<\/p>\n<p>Ranieri nasce a Roma nel 1951, figlio del conte Vittorio Filo della Torre di Santa Susanna e di Lavinia dei Conti Paolozzi. All\u2019et\u00e0 di appena sessant\u2019anni, nel 2011, muore stroncato da una leucemia. Fino all\u2019ultimo giorno aveva continuato la sua attivit\u00e0 lavorativa, senza alcuna apparente sofferenza. Il suo lavoro non era dei pi\u00f9 semplici. Dal 1999, espressione della Confagricoltura, era direttore generale di<a href=\"http:\/\/www.unaprol.it\/\"> Unaprol<\/a> \u2013 Consorzio Olivicolo Italiano. Un impegno che lo portava ogni giorno a confrontarsi, con passione e competenza internazionale, con i problemi e le speranze di tanti produttori olivicoli aderenti all\u2019organizzazione di cui era dirigente. In precedenza aveva ricoperto la carica di vice direttore <a href=\"http:\/\/www.unaproa.com\/\">Unaproa<\/a> (Unione Nazionale tra le Organizzazioni di Produttori Agrumari e di Frutta in Guscio).<\/p>\n<p>Ranieri Filo della Torre era laureato in Scienze Agrarie ed era membro dell\u2019Accademia nazionale dell\u2019olivo e dell\u2019olio. Collaborava in qualit\u00e0 di giornalista specializzato con numerose riviste di settore, tra cui \u201cL\u2019Informatore Agrario\u201d, \u201cOlivo &amp; Olio\u201d, \u201cTerra &amp; Vita\u201d. Era stato anche coautore di diverse pubblicazioni sulle tematiche olivicole. Era amante di tutte le espressioni artistiche, dalla musica, alla pittura, al teatro. Sposato con Marida Iacona, ceramista e pittrice, aveva due figlioli, Roberto e Carmen.<\/p>\n<p>Le carte vincenti della sua attivit\u00e0 professionale erano sostanzialmente cinque: l\u2019umanit\u00e0, la saggezza, l\u2019equilibrio, la moderazione, ma anche la fermezza con cui portava avanti le proprie idee. Ma, al di sopra di tutto, la caratteristica peculiare che possedeva, propria dei grandi personaggi, era quella d\u2019ascoltare tutti. Non per una superiorit\u00e0 intellettuale, un vezzo \u201cnobile\u201d per sentirsi \u201cumile tra gli umili\u201d. Assolutamente no. Lo faceva nella consapevolezza che anche quelli che la nostra societ\u00e0 classifica come \u201cultimi\u201d hanno qualche cosa da insegnare: sempre.<\/p>\n<\/div>\n<\/div><\/div><\/div><\/div><\/div><\/div><\/div>","protected":false},"excerpt":{"rendered":"<p>Ritorna anche quest'anno il\u00a0Premio Ranieri Filo della Torre per tesi di laurea, laurea magistrale e di dottorato di ricerca. Per partecipare e il bando potrete trovare tutto sul sito dell'Accademia Nazionale dell'Olivo e dell'Olio. Si precisa che per la parte scientifica la scadenza per la presentazione delle domande \u00e8 il 1\u00b0 dicembre IL PREMIO \u00c8&hellip;<\/p>","protected":false},"author":7,"featured_media":1342,"comment_status":"open","ping_status":"closed","sticky":false,"template":"","format":"standard","meta":{"_acf_changed":false,"footnotes":""},"categories":[1],"tags":[30,39,40,26,27],"class_list":["post-1341","post","type-post","status-publish","format-standard","has-post-thumbnail","hentry","category-senza-categoria","tag-30","tag-premio-ranieri-filo-della-torre","tag-ranieri-filo-della-torre","tag-sissg","tag-societa-italiana-dello-studio-delle-sostanze-grasse"],"acf":[],"yoast_head":"<!-- This site is optimized with the Yoast SEO plugin v27.5 - https:\/\/yoast.com\/product\/yoast-seo-wordpress\/ -->\n<title>Premio Ranieri Filo della Torre 2018 per la Tesi di Laurea - SISSG<\/title>\n<meta name=\"description\" content=\"Ritorna anche quest&#039;anno il\u00a0Premio Ranieri Filo della Torre per tesi di laurea, laurea magistrale e di dottorato di ricerca.\" \/>\n<meta name=\"robots\" content=\"index, follow, max-snippet:-1, max-image-preview:large, max-video-preview:-1\" \/>\n<link rel=\"canonical\" href=\"https:\/\/www.sissg.it\/en\/2018\/11\/13\/premio-ranieri-filo-della-torre-2018\/\" \/>\n<meta property=\"og:locale\" content=\"en_GB\" \/>\n<meta property=\"og:type\" content=\"article\" \/>\n<meta property=\"og:title\" content=\"Premio Ranieri Filo della Torre 2018 per la Tesi di Laurea - SISSG\" \/>\n<meta property=\"og:description\" content=\"Ritorna anche quest&#039;anno il\u00a0Premio Ranieri Filo della Torre per tesi di laurea, laurea magistrale e di dottorato di ricerca.\" \/>\n<meta property=\"og:url\" content=\"https:\/\/www.sissg.it\/en\/2018\/11\/13\/premio-ranieri-filo-della-torre-2018\/\" \/>\n<meta property=\"og:site_name\" content=\"SISSG\" \/>\n<meta property=\"article:published_time\" content=\"2018-11-13T16:48:56+00:00\" \/>\n<meta property=\"article:modified_time\" content=\"2018-11-14T16:43:50+00:00\" \/>\n<meta property=\"og:image\" content=\"https:\/\/www.sissg.it\/wp-content\/uploads\/j.jpg\" \/>\n\t<meta property=\"og:image:width\" content=\"820\" \/>\n\t<meta property=\"og:image:height\" content=\"410\" \/>\n\t<meta property=\"og:image:type\" content=\"image\/jpeg\" \/>\n<meta name=\"author\" content=\"S.I.S.S.G.\" \/>\n<meta name=\"twitter:card\" content=\"summary_large_image\" \/>\n<meta name=\"twitter:label1\" content=\"Written by\" \/>\n\t<meta name=\"twitter:data1\" content=\"S.I.S.S.G.\" \/>\n\t<meta name=\"twitter:label2\" content=\"Estimated reading time\" \/>\n\t<meta name=\"twitter:data2\" content=\"3 minutes\" \/>\n<script type=\"application\/ld+json\" class=\"yoast-schema-graph\">{\"@context\":\"https:\\\/\\\/schema.org\",\"@graph\":[{\"@type\":\"Article\",\"@id\":\"https:\\\/\\\/www.sissg.it\\\/2018\\\/11\\\/13\\\/premio-ranieri-filo-della-torre-2018\\\/#article\",\"isPartOf\":{\"@id\":\"https:\\\/\\\/www.sissg.it\\\/2018\\\/11\\\/13\\\/premio-ranieri-filo-della-torre-2018\\\/\"},\"author\":{\"name\":\"S.I.S.S.G.\",\"@id\":\"https:\\\/\\\/www.sissg.it\\\/#\\\/schema\\\/person\\\/e285687008193cb385fd4d074342ca6e\"},\"headline\":\"Premio Ranieri Filo della Torre 2018\",\"datePublished\":\"2018-11-13T16:48:56+00:00\",\"dateModified\":\"2018-11-14T16:43:50+00:00\",\"mainEntityOfPage\":{\"@id\":\"https:\\\/\\\/www.sissg.it\\\/2018\\\/11\\\/13\\\/premio-ranieri-filo-della-torre-2018\\\/\"},\"wordCount\":647,\"commentCount\":0,\"publisher\":{\"@id\":\"https:\\\/\\\/www.sissg.it\\\/#organization\"},\"image\":{\"@id\":\"https:\\\/\\\/www.sissg.it\\\/2018\\\/11\\\/13\\\/premio-ranieri-filo-della-torre-2018\\\/#primaryimage\"},\"thumbnailUrl\":\"https:\\\/\\\/www.sissg.it\\\/wp-content\\\/uploads\\\/j.jpg\",\"keywords\":[\"2018\",\"Premio Ranieri Filo della Torre\",\"RANIERI FILO DELLA TORRE\",\"SISSG\",\"SOCIETA ITALIANA DELLO STUDIO DELLE SOSTANZE GRASSE\"],\"articleSection\":[\"Senza categoria\"],\"inLanguage\":\"en-GB\",\"potentialAction\":[{\"@type\":\"CommentAction\",\"name\":\"Comment\",\"target\":[\"https:\\\/\\\/www.sissg.it\\\/2018\\\/11\\\/13\\\/premio-ranieri-filo-della-torre-2018\\\/#respond\"]}]},{\"@type\":\"WebPage\",\"@id\":\"https:\\\/\\\/www.sissg.it\\\/2018\\\/11\\\/13\\\/premio-ranieri-filo-della-torre-2018\\\/\",\"url\":\"https:\\\/\\\/www.sissg.it\\\/2018\\\/11\\\/13\\\/premio-ranieri-filo-della-torre-2018\\\/\",\"name\":\"Premio Ranieri Filo della Torre 2018 per la Tesi di Laurea - SISSG\",\"isPartOf\":{\"@id\":\"https:\\\/\\\/www.sissg.it\\\/#website\"},\"primaryImageOfPage\":{\"@id\":\"https:\\\/\\\/www.sissg.it\\\/2018\\\/11\\\/13\\\/premio-ranieri-filo-della-torre-2018\\\/#primaryimage\"},\"image\":{\"@id\":\"https:\\\/\\\/www.sissg.it\\\/2018\\\/11\\\/13\\\/premio-ranieri-filo-della-torre-2018\\\/#primaryimage\"},\"thumbnailUrl\":\"https:\\\/\\\/www.sissg.it\\\/wp-content\\\/uploads\\\/j.jpg\",\"datePublished\":\"2018-11-13T16:48:56+00:00\",\"dateModified\":\"2018-11-14T16:43:50+00:00\",\"description\":\"Ritorna anche quest'anno il\u00a0Premio Ranieri Filo della Torre per tesi di laurea, laurea magistrale e di dottorato di ricerca.\",\"breadcrumb\":{\"@id\":\"https:\\\/\\\/www.sissg.it\\\/2018\\\/11\\\/13\\\/premio-ranieri-filo-della-torre-2018\\\/#breadcrumb\"},\"inLanguage\":\"en-GB\",\"potentialAction\":[{\"@type\":\"ReadAction\",\"target\":[\"https:\\\/\\\/www.sissg.it\\\/2018\\\/11\\\/13\\\/premio-ranieri-filo-della-torre-2018\\\/\"]}]},{\"@type\":\"ImageObject\",\"inLanguage\":\"en-GB\",\"@id\":\"https:\\\/\\\/www.sissg.it\\\/2018\\\/11\\\/13\\\/premio-ranieri-filo-della-torre-2018\\\/#primaryimage\",\"url\":\"https:\\\/\\\/www.sissg.it\\\/wp-content\\\/uploads\\\/j.jpg\",\"contentUrl\":\"https:\\\/\\\/www.sissg.it\\\/wp-content\\\/uploads\\\/j.jpg\",\"width\":820,\"height\":410},{\"@type\":\"BreadcrumbList\",\"@id\":\"https:\\\/\\\/www.sissg.it\\\/2018\\\/11\\\/13\\\/premio-ranieri-filo-della-torre-2018\\\/#breadcrumb\",\"itemListElement\":[{\"@type\":\"ListItem\",\"position\":1,\"name\":\"Home\",\"item\":\"https:\\\/\\\/www.sissg.it\\\/\"},{\"@type\":\"ListItem\",\"position\":2,\"name\":\"Premio Ranieri Filo della Torre 2018\"}]},{\"@type\":\"WebSite\",\"@id\":\"https:\\\/\\\/www.sissg.it\\\/#website\",\"url\":\"https:\\\/\\\/www.sissg.it\\\/\",\"name\":\"SISSG\",\"description\":\"Societ\u00e0 Italiana per lo Studio delle Sostanze Grasse\",\"publisher\":{\"@id\":\"https:\\\/\\\/www.sissg.it\\\/#organization\"},\"potentialAction\":[{\"@type\":\"SearchAction\",\"target\":{\"@type\":\"EntryPoint\",\"urlTemplate\":\"https:\\\/\\\/www.sissg.it\\\/?s={search_term_string}\"},\"query-input\":{\"@type\":\"PropertyValueSpecification\",\"valueRequired\":true,\"valueName\":\"search_term_string\"}}],\"inLanguage\":\"en-GB\"},{\"@type\":\"Organization\",\"@id\":\"https:\\\/\\\/www.sissg.it\\\/#organization\",\"name\":\"SISSG\",\"url\":\"https:\\\/\\\/www.sissg.it\\\/\",\"logo\":{\"@type\":\"ImageObject\",\"inLanguage\":\"en-GB\",\"@id\":\"https:\\\/\\\/www.sissg.it\\\/#\\\/schema\\\/logo\\\/image\\\/\",\"url\":\"https:\\\/\\\/www.sissg.it\\\/wp-content\\\/uploads\\\/2023\\\/03\\\/copertina23.png\",\"contentUrl\":\"https:\\\/\\\/www.sissg.it\\\/wp-content\\\/uploads\\\/2023\\\/03\\\/copertina23.png\",\"width\":1640,\"height\":924,\"caption\":\"SISSG\"},\"image\":{\"@id\":\"https:\\\/\\\/www.sissg.it\\\/#\\\/schema\\\/logo\\\/image\\\/\"}},{\"@type\":\"Person\",\"@id\":\"https:\\\/\\\/www.sissg.it\\\/#\\\/schema\\\/person\\\/e285687008193cb385fd4d074342ca6e\",\"name\":\"S.I.S.S.G.\",\"image\":{\"@type\":\"ImageObject\",\"inLanguage\":\"en-GB\",\"@id\":\"\\\/\\\/www.gravatar.com\\\/avatar\\\/d16062357bf5d611c501fd0d93347fb7?s=96&#038;r=g&#038;d=mm\",\"url\":\"\\\/\\\/www.gravatar.com\\\/avatar\\\/d16062357bf5d611c501fd0d93347fb7?s=96&#038;r=g&#038;d=mm\",\"contentUrl\":\"\\\/\\\/www.gravatar.com\\\/avatar\\\/d16062357bf5d611c501fd0d93347fb7?s=96&#038;r=g&#038;d=mm\",\"caption\":\"S.I.S.S.G.\"},\"url\":\"https:\\\/\\\/www.sissg.it\\\/en\\\/author\\\/s-i-s-s-g\\\/\"}]}<\/script>\n<!-- \/ Yoast SEO plugin. -->","yoast_head_json":{"title":"Premio Ranieri Filo della Torre 2018 per la Tesi di Laurea - SISSG","description":"Ritorna anche quest'anno il\u00a0Premio Ranieri Filo della Torre per tesi di laurea, laurea magistrale e di dottorato di ricerca.","robots":{"index":"index","follow":"follow","max-snippet":"max-snippet:-1","max-image-preview":"max-image-preview:large","max-video-preview":"max-video-preview:-1"},"canonical":"https:\/\/www.sissg.it\/en\/2018\/11\/13\/premio-ranieri-filo-della-torre-2018\/","og_locale":"en_GB","og_type":"article","og_title":"Premio Ranieri Filo della Torre 2018 per la Tesi di Laurea - SISSG","og_description":"Ritorna anche quest'anno il\u00a0Premio Ranieri Filo della Torre per tesi di laurea, laurea magistrale e di dottorato di ricerca.","og_url":"https:\/\/www.sissg.it\/en\/2018\/11\/13\/premio-ranieri-filo-della-torre-2018\/","og_site_name":"SISSG","article_published_time":"2018-11-13T16:48:56+00:00","article_modified_time":"2018-11-14T16:43:50+00:00","og_image":[{"width":820,"height":410,"url":"https:\/\/www.sissg.it\/wp-content\/uploads\/j.jpg","type":"image\/jpeg"}],"author":"S.I.S.S.G.","twitter_card":"summary_large_image","twitter_misc":{"Written by":"S.I.S.S.G.","Estimated reading time":"3 minutes"},"schema":{"@context":"https:\/\/schema.org","@graph":[{"@type":"Article","@id":"https:\/\/www.sissg.it\/2018\/11\/13\/premio-ranieri-filo-della-torre-2018\/#article","isPartOf":{"@id":"https:\/\/www.sissg.it\/2018\/11\/13\/premio-ranieri-filo-della-torre-2018\/"},"author":{"name":"S.I.S.S.G.","@id":"https:\/\/www.sissg.it\/#\/schema\/person\/e285687008193cb385fd4d074342ca6e"},"headline":"Premio Ranieri Filo della Torre 2018","datePublished":"2018-11-13T16:48:56+00:00","dateModified":"2018-11-14T16:43:50+00:00","mainEntityOfPage":{"@id":"https:\/\/www.sissg.it\/2018\/11\/13\/premio-ranieri-filo-della-torre-2018\/"},"wordCount":647,"commentCount":0,"publisher":{"@id":"https:\/\/www.sissg.it\/#organization"},"image":{"@id":"https:\/\/www.sissg.it\/2018\/11\/13\/premio-ranieri-filo-della-torre-2018\/#primaryimage"},"thumbnailUrl":"https:\/\/www.sissg.it\/wp-content\/uploads\/j.jpg","keywords":["2018","Premio Ranieri Filo della Torre","RANIERI FILO DELLA TORRE","SISSG","SOCIETA ITALIANA DELLO STUDIO DELLE SOSTANZE GRASSE"],"articleSection":["Senza categoria"],"inLanguage":"en-GB","potentialAction":[{"@type":"CommentAction","name":"Comment","target":["https:\/\/www.sissg.it\/2018\/11\/13\/premio-ranieri-filo-della-torre-2018\/#respond"]}]},{"@type":"WebPage","@id":"https:\/\/www.sissg.it\/2018\/11\/13\/premio-ranieri-filo-della-torre-2018\/","url":"https:\/\/www.sissg.it\/2018\/11\/13\/premio-ranieri-filo-della-torre-2018\/","name":"Premio Ranieri Filo della Torre 2018 per la Tesi di Laurea - SISSG","isPartOf":{"@id":"https:\/\/www.sissg.it\/#website"},"primaryImageOfPage":{"@id":"https:\/\/www.sissg.it\/2018\/11\/13\/premio-ranieri-filo-della-torre-2018\/#primaryimage"},"image":{"@id":"https:\/\/www.sissg.it\/2018\/11\/13\/premio-ranieri-filo-della-torre-2018\/#primaryimage"},"thumbnailUrl":"https:\/\/www.sissg.it\/wp-content\/uploads\/j.jpg","datePublished":"2018-11-13T16:48:56+00:00","dateModified":"2018-11-14T16:43:50+00:00","description":"Ritorna anche quest'anno il\u00a0Premio Ranieri Filo della Torre per tesi di laurea, laurea magistrale e di dottorato di ricerca.","breadcrumb":{"@id":"https:\/\/www.sissg.it\/2018\/11\/13\/premio-ranieri-filo-della-torre-2018\/#breadcrumb"},"inLanguage":"en-GB","potentialAction":[{"@type":"ReadAction","target":["https:\/\/www.sissg.it\/2018\/11\/13\/premio-ranieri-filo-della-torre-2018\/"]}]},{"@type":"ImageObject","inLanguage":"en-GB","@id":"https:\/\/www.sissg.it\/2018\/11\/13\/premio-ranieri-filo-della-torre-2018\/#primaryimage","url":"https:\/\/www.sissg.it\/wp-content\/uploads\/j.jpg","contentUrl":"https:\/\/www.sissg.it\/wp-content\/uploads\/j.jpg","width":820,"height":410},{"@type":"BreadcrumbList","@id":"https:\/\/www.sissg.it\/2018\/11\/13\/premio-ranieri-filo-della-torre-2018\/#breadcrumb","itemListElement":[{"@type":"ListItem","position":1,"name":"Home","item":"https:\/\/www.sissg.it\/"},{"@type":"ListItem","position":2,"name":"Premio Ranieri Filo della Torre 2018"}]},{"@type":"WebSite","@id":"https:\/\/www.sissg.it\/#website","url":"https:\/\/www.sissg.it\/","name":"SISSG","description":"Societ\u00e0 Italiana per lo Studio delle Sostanze Grasse","publisher":{"@id":"https:\/\/www.sissg.it\/#organization"},"potentialAction":[{"@type":"SearchAction","target":{"@type":"EntryPoint","urlTemplate":"https:\/\/www.sissg.it\/?s={search_term_string}"},"query-input":{"@type":"PropertyValueSpecification","valueRequired":true,"valueName":"search_term_string"}}],"inLanguage":"en-GB"},{"@type":"Organization","@id":"https:\/\/www.sissg.it\/#organization","name":"SISSG","url":"https:\/\/www.sissg.it\/","logo":{"@type":"ImageObject","inLanguage":"en-GB","@id":"https:\/\/www.sissg.it\/#\/schema\/logo\/image\/","url":"https:\/\/www.sissg.it\/wp-content\/uploads\/2023\/03\/copertina23.png","contentUrl":"https:\/\/www.sissg.it\/wp-content\/uploads\/2023\/03\/copertina23.png","width":1640,"height":924,"caption":"SISSG"},"image":{"@id":"https:\/\/www.sissg.it\/#\/schema\/logo\/image\/"}},{"@type":"Person","@id":"https:\/\/www.sissg.it\/#\/schema\/person\/e285687008193cb385fd4d074342ca6e","name":"S.I.S.S.G.","image":{"@type":"ImageObject","inLanguage":"en-GB","@id":"\/\/www.gravatar.com\/avatar\/d16062357bf5d611c501fd0d93347fb7?s=96&#038;r=g&#038;d=mm","url":"\/\/www.gravatar.com\/avatar\/d16062357bf5d611c501fd0d93347fb7?s=96&#038;r=g&#038;d=mm","contentUrl":"\/\/www.gravatar.com\/avatar\/d16062357bf5d611c501fd0d93347fb7?s=96&#038;r=g&#038;d=mm","caption":"S.I.S.S.G."},"url":"https:\/\/www.sissg.it\/en\/author\/s-i-s-s-g\/"}]}},"_links":{"self":[{"href":"https:\/\/www.sissg.it\/en\/wp-json\/wp\/v2\/posts\/1341","targetHints":{"allow":["GET"]}}],"collection":[{"href":"https:\/\/www.sissg.it\/en\/wp-json\/wp\/v2\/posts"}],"about":[{"href":"https:\/\/www.sissg.it\/en\/wp-json\/wp\/v2\/types\/post"}],"author":[{"embeddable":true,"href":"https:\/\/www.sissg.it\/en\/wp-json\/wp\/v2\/users\/7"}],"replies":[{"embeddable":true,"href":"https:\/\/www.sissg.it\/en\/wp-json\/wp\/v2\/comments?post=1341"}],"version-history":[{"count":5,"href":"https:\/\/www.sissg.it\/en\/wp-json\/wp\/v2\/posts\/1341\/revisions"}],"predecessor-version":[{"id":1345,"href":"https:\/\/www.sissg.it\/en\/wp-json\/wp\/v2\/posts\/1341\/revisions\/1345"}],"wp:featuredmedia":[{"embeddable":true,"href":"https:\/\/www.sissg.it\/en\/wp-json\/wp\/v2\/media\/1342"}],"wp:attachment":[{"href":"https:\/\/www.sissg.it\/en\/wp-json\/wp\/v2\/media?parent=1341"}],"wp:term":[{"taxonomy":"category","embeddable":true,"href":"https:\/\/www.sissg.it\/en\/wp-json\/wp\/v2\/categories?post=1341"},{"taxonomy":"post_tag","embeddable":true,"href":"https:\/\/www.sissg.it\/en\/wp-json\/wp\/v2\/tags?post=1341"}],"curies":[{"name":"wp","href":"https:\/\/api.w.org\/{rel}","templated":true}]}}